{"id":717,"date":"2019-06-08T17:10:26","date_gmt":"2019-06-08T20:10:26","guid":{"rendered":"https:\/\/mapadadiversidade.com.br\/itauna\/?p=717"},"modified":"2024-03-04T00:49:21","modified_gmt":"2024-03-04T03:49:21","slug":"fernandinho-rockz","status":"publish","type":"post","link":"https:\/\/mapadadiversidade.com.br\/itauna\/fernandinho-rockz\/","title":{"rendered":"Fernandinho Rockz"},"content":{"rendered":"\n<p>Fomento da pr\u00e1tica esportiva e do estilo de vida do Skate. Atrav\u00e9s do Evento &#8220;Rei do Solo&#8221; e mais diversos campeonatos, leva a cultura atrav\u00e9s da m\u00fasica, do esporte e da cultura de rua.<\/p>\n\n\n\n<p>Produtor Cultural<\/p>\n\n\n\n<p><strong>Outras atua\u00e7\u00f5es:<\/strong> Propaga\u00e7\u00e3o do esporte e da cultura do Skate. Utiliza\u00e7\u00e3o dos espa\u00e7os p\u00fablicos como meio de levar lazer e refor\u00e7ar a cultura de rua local e regional. <a href=\"https:\/\/www.nikeairmax270sale.com\/max-white-shoes\/\"><strong>max white  shoes<\/strong><\/a> <a href=\"https:\/\/www.airmaxmennike.com\/\"><strong>nike air max  90<\/strong><\/a> <a href=\"https:\/\/www.airjordanmenssneakers.com\/nike-jordan-series-06\/\"><strong>nike  jordan series 06<\/strong><\/a> <a href=\"https:\/\/www.airjordanmensshoes.com\/nike-air-jordan-14\/\"><strong>nike air  jordan 14<\/strong><\/a> <a href=\"https:\/\/www.nikeairmax270sale.com\/nike-vapor-max\/\"><strong>nike vapor  max<\/strong><\/a> <a href=\"https:\/\/www.nikeairjordanwomenstore.com\/air-jordan-4-retro-military-black\/\"><strong>air  jordan 4 retro military black<\/strong><\/a> <a href=\"https:\/\/www.nikeairjordanwomenstore.com\/air-jordan-4-retro-military-black\/\"><strong>air  jordan 4 retro military black<\/strong><\/a> <a href=\"https:\/\/www.airjordanmen.com\"><strong>jordan 13<\/strong><\/a> <a href=\"https:\/\/www.salenikeairjordanshoes.com\/wmns-air-1-mid\/\"><strong>wmns air 1  mid<\/strong><\/a> <a href=\"https:\/\/www.nikeairmax270sale.com\/nike-vapor-max\/\"><strong>nike vapor  max<\/strong><\/a> <a href=\"https:\/\/www.nikeairjordan1sale.com\/nike-air-jordan-1-mid-se\/\"><strong>nike  air jordan 1 mid se<\/strong><\/a> <a href=\"https:\/\/www.mensairmaxnike.com\/nike-air-max-90\/\"><strong>nike air max  90<\/strong><\/a> <a href=\"https:\/\/www.airjordanmen.com\"><strong>jordan  13<\/strong><\/a> <a href=\"https:\/\/www.airjordanmen.com\"><strong>jordan  13<\/strong><\/a> <a href=\"https:\/\/www.airmaxmennike.com\/\"><strong>nike air max  90<\/strong><\/a> <\/p>\n\n\n\n<p><strong>Hist\u00f3rico: <\/strong>Come\u00e7ou andando de Skate por volta de 1999. No ano de 2013 abriu a loja Rockz, onde percebeu a import\u00e2ncia de se movimentar o cen\u00e1rio do Skate em Ita\u00fana, com a realiza\u00e7\u00e3o de eventos como campeonatos e campanhas. Acredita que as lojas especializadas na venda e skates e produtos esportivos n\u00e3o devem se preocupar somente com as vendas, mas em fomentar a pr\u00e1tica esportiva, uma vez que o incentivo mant\u00e9m os esportistas sempre empolgados e  ativos. Tamb\u00e9m tem interesse particular e social em buscar melhorias atrav\u00e9s destes eventos para a manuten\u00e7\u00e3o dos espa\u00e7os p\u00fablicos, como reforma das pistas de skates da cidade. Incentiva a pr\u00e1tica tamb\u00e9m por acreditar que ela fa\u00e7a bem ao corpo e mente.<\/p>\n\n\n\n<p>Sendo assim, come\u00e7ou atrav\u00e9s da loja Rockz a produzir eventos a partir da necessidade, pois existem muitas pessoas que andam de skate em Ita\u00fana, por\u00e9m n\u00e3o conseguiam ter grande representatividade e visibilidade. Os eventos ajudam na propaga\u00e7\u00e3o da cultura do skate.<\/p>\n\n\n\n<p>Anualmente, desde 2014, promove um campeonato de skate chamado &#8220;Rei do Solo&#8221;, nas pistas da cidade. Juntamente com a pr\u00e1tica do esporte, s\u00e3o convidados MC&#8217;s para uma batalha. Algumas bandas s\u00e3o convidadas a participar, fazendo do evento um cen\u00e1rio diversificado, com participa\u00e7\u00f5es abrangentes.  <br>Al\u00e9m deste, tamb\u00e9m promove outros campeonatos e eventos de menor porte, por\u00e9m durante todo o ano, como o MDR (Movimento de Rua), dia das crian\u00e7as e no dia 21 de junho (dia mundial do skate).<br>Objetiva ampliar ainda mais o evento Rei do Solo, abrindo a modalidade feminino.<\/p>\n\n\n\n<p>Telefone: (37)3241-0357<br>e-mail: fernandodiegoribeiro@gmail.com<br>Facebook: <a href=\"https:\/\/www.facebook.com\/profile.php?id=100004383525540\">Fernando Diego<\/a><br>Instagram: <a href=\"https:\/\/www.instagram.com\/fernandorckz\/\">@fernandorckz<\/a> \/ <a href=\"https:\/\/www.instagram.com\/lojarockz\/\">@lojarockz<\/a><br>Youtube: <a href=\"https:\/\/www.youtube.com\/user\/RockzStore\">Rockz<\/a><\/p>\n\n\n\n<figure><iframe loading=\"lazy\" width=\"560\" height=\"315\" src=\"https:\/\/www.youtube.com\/embed\/w1JdJUUHNjs\" allowfullscreen=\"\"><\/iframe><\/figure>\n\n\n\n<figure class=\"wp-block-gallery has-nested-images columns-default is-cropped wp-block-gallery-1 is-layout-flex wp-block-gallery-is-layout-flex\">\n<figure class=\"wp-block-image\"><img loading=\"lazy\" decoding=\"async\" width=\"960\" height=\"540\" data-id=\"816\" src=\"https:\/\/mapadadiversidade.com.br\/itauna\/wp-content\/uploads\/2019\/06\/11011202_837288506345494_3145754697688714797_n.jpg\" alt=\"\" class=\"wp-image-816\" srcset=\"https:\/\/mapadadiversidade.com.br\/itauna\/wp-content\/uploads\/2019\/06\/11011202_837288506345494_3145754697688714797_n.jpg 960w, https:\/\/mapadadiversidade.com.br\/itauna\/wp-content\/uploads\/2019\/06\/11011202_837288506345494_3145754697688714797_n-300x169.jpg 300w, https:\/\/mapadadiversidade.com.br\/itauna\/wp-content\/uploads\/2019\/06\/11011202_837288506345494_3145754697688714797_n-768x432.jpg 768w\" sizes=\"auto, (max-width: 960px) 100vw, 960px\" \/><\/figure>\n\n\n\n<figure class=\"wp-block-image\"><img loading=\"lazy\" decoding=\"async\" width=\"960\" height=\"960\" data-id=\"817\" src=\"https:\/\/mapadadiversidade.com.br\/itauna\/wp-content\/uploads\/2019\/06\/13510783_622042644618514_6176766640287281754_n.jpg\" alt=\"\" class=\"wp-image-817\" srcset=\"https:\/\/mapadadiversidade.com.br\/itauna\/wp-content\/uploads\/2019\/06\/13510783_622042644618514_6176766640287281754_n.jpg 960w, https:\/\/mapadadiversidade.com.br\/itauna\/wp-content\/uploads\/2019\/06\/13510783_622042644618514_6176766640287281754_n-150x150.jpg 150w, https:\/\/mapadadiversidade.com.br\/itauna\/wp-content\/uploads\/2019\/06\/13510783_622042644618514_6176766640287281754_n-300x300.jpg 300w, https:\/\/mapadadiversidade.com.br\/itauna\/wp-content\/uploads\/2019\/06\/13510783_622042644618514_6176766640287281754_n-768x768.jpg 768w\" sizes=\"auto, (max-width: 960px) 100vw, 960px\" \/><\/figure>\n\n\n\n<figure class=\"wp-block-image\"><img loading=\"lazy\" decoding=\"async\" width=\"960\" height=\"960\" data-id=\"818\" src=\"https:\/\/mapadadiversidade.com.br\/itauna\/wp-content\/uploads\/2019\/06\/24232374_917375495085226_1186171216032053601_n.jpg\" alt=\"\" class=\"wp-image-818\" srcset=\"https:\/\/mapadadiversidade.com.br\/itauna\/wp-content\/uploads\/2019\/06\/24232374_917375495085226_1186171216032053601_n.jpg 960w, https:\/\/mapadadiversidade.com.br\/itauna\/wp-content\/uploads\/2019\/06\/24232374_917375495085226_1186171216032053601_n-150x150.jpg 150w, https:\/\/mapadadiversidade.com.br\/itauna\/wp-content\/uploads\/2019\/06\/24232374_917375495085226_1186171216032053601_n-300x300.jpg 300w, https:\/\/mapadadiversidade.com.br\/itauna\/wp-content\/uploads\/2019\/06\/24232374_917375495085226_1186171216032053601_n-768x768.jpg 768w\" sizes=\"auto, (max-width: 960px) 100vw, 960px\" \/><\/figure>\n\n\n\n<figure class=\"wp-block-image\"><img loading=\"lazy\" decoding=\"async\" width=\"1024\" height=\"665\" data-id=\"819\" src=\"https:\/\/mapadadiversidade.com.br\/itauna\/wp-content\/uploads\/2019\/06\/WhatsApp-Image-2019-06-08-at-15.37.56-1024x665.jpeg\" alt=\"\" class=\"wp-image-819\" srcset=\"https:\/\/mapadadiversidade.com.br\/itauna\/wp-content\/uploads\/2019\/06\/WhatsApp-Image-2019-06-08-at-15.37.56-1024x665.jpeg 1024w, https:\/\/mapadadiversidade.com.br\/itauna\/wp-content\/uploads\/2019\/06\/WhatsApp-Image-2019-06-08-at-15.37.56-300x195.jpeg 300w, https:\/\/mapadadiversidade.com.br\/itauna\/wp-content\/uploads\/2019\/06\/WhatsApp-Image-2019-06-08-at-15.37.56-768x498.jpeg 768w, https:\/\/mapadadiversidade.com.br\/itauna\/wp-content\/uploads\/2019\/06\/WhatsApp-Image-2019-06-08-at-15.37.56.jpeg 1060w\" sizes=\"auto, (max-width: 1024px) 100vw, 1024px\" \/><\/figure>\n<\/figure>\n","protected":false},"excerpt":{"rendered":"<p>Fomento da pr\u00e1tica esportiva e do estilo de vida do Skate. Atrav\u00e9s do Evento &#8220;Rei do Solo&#8221; e mais diversos campeonatos, leva a cultura atrav\u00e9s da m\u00fasica, do esporte e da cultura de rua.<\/p>\n","protected":false},"author":10,"featured_media":823,"comment_status":"open","ping_status":"open","sticky":false,"template":"","format":"standard","meta":{"footnotes":""},"categories":[1,4],"tags":[17,83,76],"class_list":["post-717","post","type-post","status-publish","format-standard","has-post-thumbnail","hentry","category-itauna","category-produtor-ou-gestor-cultural","tag-produtor-cultural","tag-rei-do-solo","tag-skate","item-wrap"],"_links":{"self":[{"href":"https:\/\/mapadadiversidade.com.br\/itauna\/wp-json\/wp\/v2\/posts\/717","targetHints":{"allow":["GET"]}}],"collection":[{"href":"https:\/\/mapadadiversidade.com.br\/itauna\/wp-json\/wp\/v2\/posts"}],"about":[{"href":"https:\/\/mapadadiversidade.com.br\/itauna\/wp-json\/wp\/v2\/types\/post"}],"author":[{"embeddable":true,"href":"https:\/\/mapadadiversidade.com.br\/itauna\/wp-json\/wp\/v2\/users\/10"}],"replies":[{"embeddable":true,"href":"https:\/\/mapadadiversidade.com.br\/itauna\/wp-json\/wp\/v2\/comments?post=717"}],"version-history":[{"count":3,"href":"https:\/\/mapadadiversidade.com.br\/itauna\/wp-json\/wp\/v2\/posts\/717\/revisions"}],"predecessor-version":[{"id":1253,"href":"https:\/\/mapadadiversidade.com.br\/itauna\/wp-json\/wp\/v2\/posts\/717\/revisions\/1253"}],"wp:featuredmedia":[{"embeddable":true,"href":"https:\/\/mapadadiversidade.com.br\/itauna\/wp-json\/wp\/v2\/media\/823"}],"wp:attachment":[{"href":"https:\/\/mapadadiversidade.com.br\/itauna\/wp-json\/wp\/v2\/media?parent=717"}],"wp:term":[{"taxonomy":"category","embeddable":true,"href":"https:\/\/mapadadiversidade.com.br\/itauna\/wp-json\/wp\/v2\/categories?post=717"},{"taxonomy":"post_tag","embeddable":true,"href":"https:\/\/mapadadiversidade.com.br\/itauna\/wp-json\/wp\/v2\/tags?post=717"}],"curies":[{"name":"wp","href":"https:\/\/api.w.org\/{rel}","templated":true}]}}