{"id":825,"date":"2019-06-09T16:51:30","date_gmt":"2019-06-09T19:51:30","guid":{"rendered":"https:\/\/mapadadiversidade.com.br\/itauna\/?p=825"},"modified":"2024-03-04T00:48:51","modified_gmt":"2024-03-04T03:48:51","slug":"daniel-rezende","status":"publish","type":"post","link":"https:\/\/mapadadiversidade.com.br\/itauna\/daniel-rezende\/","title":{"rendered":"Daniel Rezende"},"content":{"rendered":"\n<p>Tecladista em bandas, bares e eventos em geral, como casamentos e formaturas.<\/p>\n\n\n\n<p>M\u00fasico <\/p>\n\n\n\n<p><strong>Hist\u00f3rico:<\/strong> Daniel Rezende come\u00e7ou na m\u00fasica muito jovem, com cerca de 11 anos, por incentivo de seu irm\u00e3o mais velho a participar das antigas fanfarras de escola em desfile de 7 de Setembro. A partir deste mo<a href=\"https:\/\/www.nikeairmax270sale.com\/nike-vapor-max\/\"><strong>nike vapor  max<\/strong><\/a> <a href=\"https:\/\/www.mensairmaxnike.com\/nike-air-max-pre-day\/\"><strong>nike air max  pre day<\/strong><\/a> <a href=\"https:\/\/www.salenikeairmaxshoe.com\/nike-air-max-270-mens\/\"><strong>nike  air max 270 men&#8217;s<\/strong><\/a> <a href=\"https:\/\/www.salenikeairjordanshoes.com\/wmns-air-1-mid\/\"><strong>wmns air 1  mid<\/strong><\/a> <a href=\"https:\/\/www.nikeairmaxsalemens.com\/air-max-goaterra-2-0\/\"><strong>air max  goaterra 2.0<\/strong><\/a> <a href=\"https:\/\/www.iairjordansneakers.com\/\"><strong>air jordan 1<\/strong><\/a> <a href=\"https:\/\/www.jordannikeairshoes.com\/air-jordan-retro\u2026mid-casual-shoes\/\"><strong>air  jordan retro 1 mid casual shoes<\/strong><\/a> <a href=\"https:\/\/www.airjordanmensshoes.com\/nike-air-jordan-14\/\"><strong>nike air  jordan 14<\/strong><\/a> <a href=\"https:\/\/www.nikeairjordanstoresale.com\/\"><strong>affordable air  jordan<\/strong><\/a> <a href=\"https:\/\/www.airmaxmennike.com\/\"><strong>nike air  max 90<\/strong><\/a> <a href=\"https:\/\/www.salenikeairjordanshoes.com\/wmns-air-1-mid\/\"><strong>wmns air 1  mid<\/strong><\/a> <a href=\"https:\/\/www.menairmaxsneaker.com\/air-max-goaterra-2-0\/\"><strong>air max  goaterra 2.0<\/strong><\/a> <a href=\"https:\/\/www.airjordanmensshoes.com\/nike-air-jordan-mid\/\"><strong>nike air  jordan mid<\/strong><\/a> <a href=\"https:\/\/www.airmaxmenssneakers.com\"><strong>air  max 95<\/strong><\/a> <a href=\"https:\/\/www.airjordanmenssneakers.com\/nike-jordan-series-06\/\"><strong>nike  jordan series 06<\/strong><\/a> mento, surgiu a curiosidade de estudar a Teoria Musical. Nesta mesma \u00e9poca, come\u00e7ou a ter aulas tamb\u00e9m de piano. Fez aulas de Teoria musical durante 4 anos. J\u00e1 com 14 anos montou uma banda com outros alunos da sua escola e fazia alguns shows. Esta banda ganhou espa\u00e7o nos anos seguintes, fazendo shows em alguns eventos da regi\u00e3o. <br>Daniel j\u00e1 integrou muitas bandas e ainda atua como freelancer.<br>Trabalha atualmente um novo projeto, de uma banda nova na cidade.<\/p>\n\n\n\n<p>Telefone: (37) 99927-5292<br>Instagram: <a href=\"https:\/\/www.instagram.com\/danielrezende2\/\">@danielresendef<\/a><\/p>\n\n\n\n<p><br><\/p>\n\n\n\n<figure class=\"wp-block-gallery has-nested-images columns-default is-cropped wp-block-gallery-1 is-layout-flex wp-block-gallery-is-layout-flex\">\n<figure class=\"wp-block-image\"><img loading=\"lazy\" decoding=\"async\" width=\"1024\" height=\"999\" data-id=\"931\" src=\"https:\/\/mapadadiversidade.com.br\/itauna\/wp-content\/uploads\/2019\/06\/WhatsApp-Image-2019-06-08-at-18.13.44-2-1024x999.jpeg\" alt=\"\" class=\"wp-image-931\" srcset=\"https:\/\/mapadadiversidade.com.br\/itauna\/wp-content\/uploads\/2019\/06\/WhatsApp-Image-2019-06-08-at-18.13.44-2-1024x999.jpeg 1024w, https:\/\/mapadadiversidade.com.br\/itauna\/wp-content\/uploads\/2019\/06\/WhatsApp-Image-2019-06-08-at-18.13.44-2-300x293.jpeg 300w, https:\/\/mapadadiversidade.com.br\/itauna\/wp-content\/uploads\/2019\/06\/WhatsApp-Image-2019-06-08-at-18.13.44-2-768x749.jpeg 768w, https:\/\/mapadadiversidade.com.br\/itauna\/wp-content\/uploads\/2019\/06\/WhatsApp-Image-2019-06-08-at-18.13.44-2.jpeg 1070w\" sizes=\"auto, (max-width: 1024px) 100vw, 1024px\" \/><\/figure>\n\n\n\n<figure class=\"wp-block-image\"><img loading=\"lazy\" decoding=\"async\" width=\"1024\" height=\"1005\" data-id=\"932\" src=\"https:\/\/mapadadiversidade.com.br\/itauna\/wp-content\/uploads\/2019\/06\/WhatsApp-Image-2019-06-08-at-18.13.44-3-1024x1005.jpeg\" alt=\"\" class=\"wp-image-932\" srcset=\"https:\/\/mapadadiversidade.com.br\/itauna\/wp-content\/uploads\/2019\/06\/WhatsApp-Image-2019-06-08-at-18.13.44-3-1024x1005.jpeg 1024w, https:\/\/mapadadiversidade.com.br\/itauna\/wp-content\/uploads\/2019\/06\/WhatsApp-Image-2019-06-08-at-18.13.44-3-300x294.jpeg 300w, https:\/\/mapadadiversidade.com.br\/itauna\/wp-content\/uploads\/2019\/06\/WhatsApp-Image-2019-06-08-at-18.13.44-3-768x754.jpeg 768w, https:\/\/mapadadiversidade.com.br\/itauna\/wp-content\/uploads\/2019\/06\/WhatsApp-Image-2019-06-08-at-18.13.44-3.jpeg 1074w\" sizes=\"auto, (max-width: 1024px) 100vw, 1024px\" \/><\/figure>\n\n\n\n<figure class=\"wp-block-image\"><img loading=\"lazy\" decoding=\"async\" width=\"1024\" height=\"994\" data-id=\"933\" src=\"https:\/\/mapadadiversidade.com.br\/itauna\/wp-content\/uploads\/2019\/06\/WhatsApp-Image-2019-06-08-at-18.13.44-4-1024x994.jpeg\" alt=\"\" class=\"wp-image-933\" srcset=\"https:\/\/mapadadiversidade.com.br\/itauna\/wp-content\/uploads\/2019\/06\/WhatsApp-Image-2019-06-08-at-18.13.44-4-1024x994.jpeg 1024w, https:\/\/mapadadiversidade.com.br\/itauna\/wp-content\/uploads\/2019\/06\/WhatsApp-Image-2019-06-08-at-18.13.44-4-300x291.jpeg 300w, https:\/\/mapadadiversidade.com.br\/itauna\/wp-content\/uploads\/2019\/06\/WhatsApp-Image-2019-06-08-at-18.13.44-4-768x745.jpeg 768w, https:\/\/mapadadiversidade.com.br\/itauna\/wp-content\/uploads\/2019\/06\/WhatsApp-Image-2019-06-08-at-18.13.44-4.jpeg 1080w\" sizes=\"auto, (max-width: 1024px) 100vw, 1024px\" \/><\/figure>\n\n\n\n<figure class=\"wp-block-image\"><img loading=\"lazy\" decoding=\"async\" width=\"1024\" height=\"878\" data-id=\"934\" src=\"https:\/\/mapadadiversidade.com.br\/itauna\/wp-content\/uploads\/2019\/06\/WhatsApp-Image-2019-06-08-at-18.13.44-5-1024x878.jpeg\" alt=\"\" class=\"wp-image-934\" srcset=\"https:\/\/mapadadiversidade.com.br\/itauna\/wp-content\/uploads\/2019\/06\/WhatsApp-Image-2019-06-08-at-18.13.44-5-1024x878.jpeg 1024w, https:\/\/mapadadiversidade.com.br\/itauna\/wp-content\/uploads\/2019\/06\/WhatsApp-Image-2019-06-08-at-18.13.44-5-300x257.jpeg 300w, https:\/\/mapadadiversidade.com.br\/itauna\/wp-content\/uploads\/2019\/06\/WhatsApp-Image-2019-06-08-at-18.13.44-5-768x658.jpeg 768w, https:\/\/mapadadiversidade.com.br\/itauna\/wp-content\/uploads\/2019\/06\/WhatsApp-Image-2019-06-08-at-18.13.44-5.jpeg 1078w\" sizes=\"auto, (max-width: 1024px) 100vw, 1024px\" \/><\/figure>\n\n\n\n<figure class=\"wp-block-image\"><img loading=\"lazy\" decoding=\"async\" width=\"1024\" height=\"986\" data-id=\"935\" src=\"https:\/\/mapadadiversidade.com.br\/itauna\/wp-content\/uploads\/2019\/06\/WhatsApp-Image-2019-06-08-at-18.13.44-6-1024x986.jpeg\" alt=\"\" class=\"wp-image-935\" srcset=\"https:\/\/mapadadiversidade.com.br\/itauna\/wp-content\/uploads\/2019\/06\/WhatsApp-Image-2019-06-08-at-18.13.44-6-1024x986.jpeg 1024w, https:\/\/mapadadiversidade.com.br\/itauna\/wp-content\/uploads\/2019\/06\/WhatsApp-Image-2019-06-08-at-18.13.44-6-300x289.jpeg 300w, https:\/\/mapadadiversidade.com.br\/itauna\/wp-content\/uploads\/2019\/06\/WhatsApp-Image-2019-06-08-at-18.13.44-6-768x740.jpeg 768w, https:\/\/mapadadiversidade.com.br\/itauna\/wp-content\/uploads\/2019\/06\/WhatsApp-Image-2019-06-08-at-18.13.44-6.jpeg 1078w\" sizes=\"auto, (max-width: 1024px) 100vw, 1024px\" \/><\/figure>\n\n\n\n<figure class=\"wp-block-image\"><img loading=\"lazy\" decoding=\"async\" width=\"1024\" height=\"1009\" data-id=\"936\" src=\"https:\/\/mapadadiversidade.com.br\/itauna\/wp-content\/uploads\/2019\/06\/WhatsApp-Image-2019-06-08-at-18.13.44-7-1024x1009.jpeg\" alt=\"\" class=\"wp-image-936\" srcset=\"https:\/\/mapadadiversidade.com.br\/itauna\/wp-content\/uploads\/2019\/06\/WhatsApp-Image-2019-06-08-at-18.13.44-7-1024x1009.jpeg 1024w, https:\/\/mapadadiversidade.com.br\/itauna\/wp-content\/uploads\/2019\/06\/WhatsApp-Image-2019-06-08-at-18.13.44-7-300x296.jpeg 300w, https:\/\/mapadadiversidade.com.br\/itauna\/wp-content\/uploads\/2019\/06\/WhatsApp-Image-2019-06-08-at-18.13.44-7-768x757.jpeg 768w, https:\/\/mapadadiversidade.com.br\/itauna\/wp-content\/uploads\/2019\/06\/WhatsApp-Image-2019-06-08-at-18.13.44-7.jpeg 1076w\" sizes=\"auto, (max-width: 1024px) 100vw, 1024px\" \/><\/figure>\n\n\n\n<figure class=\"wp-block-image\"><img loading=\"lazy\" decoding=\"async\" width=\"1024\" height=\"1007\" data-id=\"937\" src=\"https:\/\/mapadadiversidade.com.br\/itauna\/wp-content\/uploads\/2019\/06\/WhatsApp-Image-2019-06-08-at-18.13.44-1024x1007.jpeg\" alt=\"\" class=\"wp-image-937\" srcset=\"https:\/\/mapadadiversidade.com.br\/itauna\/wp-content\/uploads\/2019\/06\/WhatsApp-Image-2019-06-08-at-18.13.44-1024x1007.jpeg 1024w, https:\/\/mapadadiversidade.com.br\/itauna\/wp-content\/uploads\/2019\/06\/WhatsApp-Image-2019-06-08-at-18.13.44-300x295.jpeg 300w, https:\/\/mapadadiversidade.com.br\/itauna\/wp-content\/uploads\/2019\/06\/WhatsApp-Image-2019-06-08-at-18.13.44-768x755.jpeg 768w, https:\/\/mapadadiversidade.com.br\/itauna\/wp-content\/uploads\/2019\/06\/WhatsApp-Image-2019-06-08-at-18.13.44.jpeg 1080w\" sizes=\"auto, (max-width: 1024px) 100vw, 1024px\" \/><\/figure>\n<\/figure>\n\n\n","protected":false},"excerpt":{"rendered":"<p>Tecladista em bandas, bares e eventos em geral, como casamentos e formaturas.<\/p>\n","protected":false},"author":10,"featured_media":930,"comment_status":"open","ping_status":"open","sticky":false,"template":"","format":"standard","meta":{"footnotes":""},"categories":[1,54,100],"tags":[139,5,152],"class_list":["post-825","post","type-post","status-publish","format-standard","has-post-thumbnail","hentry","category-itauna","category-linguagens-artisticas","category-musica","tag-linguagens-artisticas","tag-musico","tag-tecladista","item-wrap"],"_links":{"self":[{"href":"https:\/\/mapadadiversidade.com.br\/itauna\/wp-json\/wp\/v2\/posts\/825","targetHints":{"allow":["GET"]}}],"collection":[{"href":"https:\/\/mapadadiversidade.com.br\/itauna\/wp-json\/wp\/v2\/posts"}],"about":[{"href":"https:\/\/mapadadiversidade.com.br\/itauna\/wp-json\/wp\/v2\/types\/post"}],"author":[{"embeddable":true,"href":"https:\/\/mapadadiversidade.com.br\/itauna\/wp-json\/wp\/v2\/users\/10"}],"replies":[{"embeddable":true,"href":"https:\/\/mapadadiversidade.com.br\/itauna\/wp-json\/wp\/v2\/comments?post=825"}],"version-history":[{"count":2,"href":"https:\/\/mapadadiversidade.com.br\/itauna\/wp-json\/wp\/v2\/posts\/825\/revisions"}],"predecessor-version":[{"id":1250,"href":"https:\/\/mapadadiversidade.com.br\/itauna\/wp-json\/wp\/v2\/posts\/825\/revisions\/1250"}],"wp:featuredmedia":[{"embeddable":true,"href":"https:\/\/mapadadiversidade.com.br\/itauna\/wp-json\/wp\/v2\/media\/930"}],"wp:attachment":[{"href":"https:\/\/mapadadiversidade.com.br\/itauna\/wp-json\/wp\/v2\/media?parent=825"}],"wp:term":[{"taxonomy":"category","embeddable":true,"href":"https:\/\/mapadadiversidade.com.br\/itauna\/wp-json\/wp\/v2\/categories?post=825"},{"taxonomy":"post_tag","embeddable":true,"href":"https:\/\/mapadadiversidade.com.br\/itauna\/wp-json\/wp\/v2\/tags?post=825"}],"curies":[{"name":"wp","href":"https:\/\/api.w.org\/{rel}","templated":true}]}}