{"id":83,"date":"2019-05-19T13:58:56","date_gmt":"2019-05-19T16:58:56","guid":{"rendered":"https:\/\/mapadadiversidade.com.br\/itauna\/?p=83"},"modified":"2019-06-08T15:48:26","modified_gmt":"2019-06-08T18:48:26","slug":"regina-gloria","status":"publish","type":"post","link":"https:\/\/mapadadiversidade.com.br\/itauna\/regina-gloria\/","title":{"rendered":"Regina Gl\u00f3ria"},"content":{"rendered":"\n<p>Produ\u00e7\u00e3o cultural<\/p>\n\n\n\n<p><strong>Outra atua\u00e7\u00e3o:<\/strong> Atriz<\/p>\n\n\n\n<p><strong>Hist\u00f3rico:<\/strong> Atriz profissional desde 1995, participou de espet\u00e1culos adultos e infantis nos grupos de teatro Corpo e Alma e Inst\u00e1vel Companhia de Teatro. Cantou nos corais Una Voz (Ita\u00fana), Madrigal Renascentista (Belo Horizonte) e coral da PUC Minas. Trabalha com produ\u00e7\u00e3o cultural de diversos grupos teatrais e musicais, desenvolveu projetos culturais como o Festival Nacional de Teatro de Ita\u00fana ACVC (Associa\u00e7\u00e3o Cultural V\u00e2nia Campos), Ponto de Cultura Casa do Idoso, dentre outros.<\/p>\n\n\n\n<p>Telefone: (37) 988471738<br>Email:    ltg.regina@yahoo.com.br<br>Facebook: <a href=\"https:\/\/www.facebook.com\/reginagloria.gomes\">Regina Gl\u00f3ria Gomes<\/a><\/p>\n\n\n\n<p>                                                           <\/p>\n\n\n\n<figure class=\"wp-block-image\"><img loading=\"lazy\" decoding=\"async\" width=\"597\" height=\"597\" src=\"https:\/\/mapadadiversidade.com.br\/itauna\/wp-content\/uploads\/2019\/06\/41682341_10209930421855727_1540173442689531904_n.jpg\" alt=\"\" class=\"wp-image-775\" srcset=\"https:\/\/mapadadiversidade.com.br\/itauna\/wp-content\/uploads\/2019\/06\/41682341_10209930421855727_1540173442689531904_n.jpg 597w, https:\/\/mapadadiversidade.com.br\/itauna\/wp-content\/uploads\/2019\/06\/41682341_10209930421855727_1540173442689531904_n-150x150.jpg 150w, https:\/\/mapadadiversidade.com.br\/itauna\/wp-content\/uploads\/2019\/06\/41682341_10209930421855727_1540173442689531904_n-300x300.jpg 300w\" sizes=\"auto, (max-width: 597px) 100vw, 597px\" \/><\/figure>\n\n\n\n<p><\/p>\n","protected":false},"excerpt":{"rendered":"<p>Atriz e produtora cultural.<\/p>\n","protected":false},"author":8,"featured_media":775,"comment_status":"open","ping_status":"open","sticky":false,"template":"","format":"standard","meta":{"footnotes":""},"categories":[1,54,99],"tags":[139,17,61],"class_list":["post-83","post","type-post","status-publish","format-standard","has-post-thumbnail","hentry","category-itauna","category-linguagens-artisticas","category-teatro","tag-linguagens-artisticas","tag-produtor-cultural","tag-teatro","item-wrap"],"_links":{"self":[{"href":"https:\/\/mapadadiversidade.com.br\/itauna\/wp-json\/wp\/v2\/posts\/83","targetHints":{"allow":["GET"]}}],"collection":[{"href":"https:\/\/mapadadiversidade.com.br\/itauna\/wp-json\/wp\/v2\/posts"}],"about":[{"href":"https:\/\/mapadadiversidade.com.br\/itauna\/wp-json\/wp\/v2\/types\/post"}],"author":[{"embeddable":true,"href":"https:\/\/mapadadiversidade.com.br\/itauna\/wp-json\/wp\/v2\/users\/8"}],"replies":[{"embeddable":true,"href":"https:\/\/mapadadiversidade.com.br\/itauna\/wp-json\/wp\/v2\/comments?post=83"}],"version-history":[{"count":3,"href":"https:\/\/mapadadiversidade.com.br\/itauna\/wp-json\/wp\/v2\/posts\/83\/revisions"}],"predecessor-version":[{"id":777,"href":"https:\/\/mapadadiversidade.com.br\/itauna\/wp-json\/wp\/v2\/posts\/83\/revisions\/777"}],"wp:featuredmedia":[{"embeddable":true,"href":"https:\/\/mapadadiversidade.com.br\/itauna\/wp-json\/wp\/v2\/media\/775"}],"wp:attachment":[{"href":"https:\/\/mapadadiversidade.com.br\/itauna\/wp-json\/wp\/v2\/media?parent=83"}],"wp:term":[{"taxonomy":"category","embeddable":true,"href":"https:\/\/mapadadiversidade.com.br\/itauna\/wp-json\/wp\/v2\/categories?post=83"},{"taxonomy":"post_tag","embeddable":true,"href":"https:\/\/mapadadiversidade.com.br\/itauna\/wp-json\/wp\/v2\/tags?post=83"}],"curies":[{"name":"wp","href":"https:\/\/api.w.org\/{rel}","templated":true}]}}